{"id":183,"date":"2018-11-06T22:59:57","date_gmt":"2018-11-06T21:59:57","guid":{"rendered":"https:\/\/www.remibelleau.fr\/erasmus\/?p=183"},"modified":"2018-11-20T14:47:33","modified_gmt":"2018-11-20T13:47:33","slug":"mobilite-a-montesarchio","status":"publish","type":"post","link":"https:\/\/www.remibelleau.fr\/erasmus\/2018\/11\/06\/mobilite-a-montesarchio\/","title":{"rendered":"Migrations d&rsquo;hier et d&rsquo;aujourd&rsquo;hui &#8211; Mobilit\u00e9 \u00e0 Mont\u00e9sarchio (1)"},"content":{"rendered":"<p>Lundi 05 novembre, les \u00e9l\u00e8ves ont particip\u00e9 \u00e0 leurs premiers ateliers avec leurs camarades allemands,\u00a0 italien et roumains. il s&rsquo;agissait de r\u00e9fl\u00e9chir aux raisons\u00a0du d\u00e9part des migrants de leurs pays d&rsquo;origine et de mettre en parall\u00e8le la situation d\u2019un pays (ou d\u2019une r\u00e9gion) de d\u00e9part (au regard de ces causes) et celle d\u2019un pays (ou d\u2019une r\u00e9gion) d\u2019arriv\u00e9e de flux migratoires.<\/p>\n<p>Une fois ces causes \u00e9tablies, les \u00e9l\u00e8ves devaient rechercher des photographies capables de les illustrer de fa\u00e7on \u00e0 r\u00e9aliser un montage d&rsquo;images illustrant le contraste des situations entre pays de d\u00e9part et pays d&rsquo;arriv\u00e9e.<\/p>\n<p><span style=\"font-family: 'comic sans ms', sans-serif\"><em>\u00a0<\/em><em><strong>Atelier \u00ab\u00a0photos montages\u00a0\u00bb\u00a0\u00a0<\/strong><\/em><\/span><\/p>\n<p><img loading=\"lazy\" decoding=\"async\" class=\"alignnone size-medium wp-image-150\" src=\"https:\/\/www.remibelleau.fr\/erasmus\/wp-content\/uploads\/sites\/14\/2018\/11\/20181105_113558-e1541436990730-169x300.jpg\" alt=\"\" width=\"169\" height=\"300\" srcset=\"https:\/\/www.remibelleau.fr\/erasmus\/wp-content\/uploads\/sites\/14\/2018\/11\/20181105_113558-e1541436990730-169x300.jpg 169w, https:\/\/www.remibelleau.fr\/erasmus\/wp-content\/uploads\/sites\/14\/2018\/11\/20181105_113558-e1541436990730-576x1024.jpg 576w, https:\/\/www.remibelleau.fr\/erasmus\/wp-content\/uploads\/sites\/14\/2018\/11\/20181105_113558-e1541436990730.jpg 720w\" sizes=\"auto, (max-width: 169px) 100vw, 169px\" \/>\u00a0\u00a0<img loading=\"lazy\" decoding=\"async\" class=\"alignnone size-medium wp-image-149\" src=\"https:\/\/www.remibelleau.fr\/erasmus\/wp-content\/uploads\/sites\/14\/2018\/11\/20181105_113221-e1541437006435-169x300.jpg\" alt=\"\" width=\"169\" height=\"300\" srcset=\"https:\/\/www.remibelleau.fr\/erasmus\/wp-content\/uploads\/sites\/14\/2018\/11\/20181105_113221-e1541437006435-169x300.jpg 169w, https:\/\/www.remibelleau.fr\/erasmus\/wp-content\/uploads\/sites\/14\/2018\/11\/20181105_113221-e1541437006435-576x1024.jpg 576w, https:\/\/www.remibelleau.fr\/erasmus\/wp-content\/uploads\/sites\/14\/2018\/11\/20181105_113221-e1541437006435.jpg 720w\" sizes=\"auto, (max-width: 169px) 100vw, 169px\" \/>\u00a0\u00a0<img loading=\"lazy\" decoding=\"async\" class=\"alignnone size-medium wp-image-148\" src=\"https:\/\/www.remibelleau.fr\/erasmus\/wp-content\/uploads\/sites\/14\/2018\/11\/20181105_113152-e1541437020813-169x300.jpg\" alt=\"\" width=\"169\" height=\"300\" srcset=\"https:\/\/www.remibelleau.fr\/erasmus\/wp-content\/uploads\/sites\/14\/2018\/11\/20181105_113152-e1541437020813-169x300.jpg 169w, https:\/\/www.remibelleau.fr\/erasmus\/wp-content\/uploads\/sites\/14\/2018\/11\/20181105_113152-e1541437020813-576x1024.jpg 576w, https:\/\/www.remibelleau.fr\/erasmus\/wp-content\/uploads\/sites\/14\/2018\/11\/20181105_113152-e1541437020813.jpg 720w\" sizes=\"auto, (max-width: 169px) 100vw, 169px\" \/>\u00a0\u00a0<img loading=\"lazy\" decoding=\"async\" class=\"size-medium wp-image-147 aligncenter\" src=\"https:\/\/www.remibelleau.fr\/erasmus\/wp-content\/uploads\/sites\/14\/2018\/11\/20181105_111952-300x169.jpg\" alt=\"\" width=\"300\" height=\"169\" srcset=\"https:\/\/www.remibelleau.fr\/erasmus\/wp-content\/uploads\/sites\/14\/2018\/11\/20181105_111952-300x169.jpg 300w, https:\/\/www.remibelleau.fr\/erasmus\/wp-content\/uploads\/sites\/14\/2018\/11\/20181105_111952-768x432.jpg 768w, https:\/\/www.remibelleau.fr\/erasmus\/wp-content\/uploads\/sites\/14\/2018\/11\/20181105_111952-1024x576.jpg 1024w, https:\/\/www.remibelleau.fr\/erasmus\/wp-content\/uploads\/sites\/14\/2018\/11\/20181105_111952.jpg 1280w\" sizes=\"auto, (max-width: 300px) 100vw, 300px\" \/><br \/>\n<img loading=\"lazy\" decoding=\"async\" class=\"size-medium wp-image-146 aligncenter\" src=\"https:\/\/www.remibelleau.fr\/erasmus\/wp-content\/uploads\/sites\/14\/2018\/11\/20181105_105103-300x169.jpg\" alt=\"\" width=\"300\" height=\"169\" srcset=\"https:\/\/www.remibelleau.fr\/erasmus\/wp-content\/uploads\/sites\/14\/2018\/11\/20181105_105103-300x169.jpg 300w, https:\/\/www.remibelleau.fr\/erasmus\/wp-content\/uploads\/sites\/14\/2018\/11\/20181105_105103-768x432.jpg 768w, https:\/\/www.remibelleau.fr\/erasmus\/wp-content\/uploads\/sites\/14\/2018\/11\/20181105_105103-1024x576.jpg 1024w, https:\/\/www.remibelleau.fr\/erasmus\/wp-content\/uploads\/sites\/14\/2018\/11\/20181105_105103.jpg 1280w\" sizes=\"auto, (max-width: 300px) 100vw, 300px\" \/><\/p>\n<p style=\"text-align: left\">Un deuxi\u00e8me atelier a eu pour but de pr\u00e9parer les questions que les \u00e9l\u00e8ves poseront aux migrants lors de la rencontre du jeudi 08 novembre. Cette r\u00e9flexion en petits groupes a \u00e9t\u00e9 l&rsquo;occasion d&rsquo;\u00e9changes dans les diff\u00e9rentes langues des pays partenaires.<\/p>\n<p><strong><em><span style=\"font-family: 'comic sans ms', sans-serif\">\u00a0Atelier \u00ab\u00a0Questions\u00a0\u00bb\u00a0<\/span>\u00a0<\/em><\/strong><\/p>\n<p><img loading=\"lazy\" decoding=\"async\" class=\"size-medium wp-image-152 alignleft\" src=\"https:\/\/www.remibelleau.fr\/erasmus\/wp-content\/uploads\/sites\/14\/2018\/11\/20181105_120409-300x169.jpg\" alt=\"\" width=\"300\" height=\"169\" srcset=\"https:\/\/www.remibelleau.fr\/erasmus\/wp-content\/uploads\/sites\/14\/2018\/11\/20181105_120409-300x169.jpg 300w, https:\/\/www.remibelleau.fr\/erasmus\/wp-content\/uploads\/sites\/14\/2018\/11\/20181105_120409-768x432.jpg 768w, https:\/\/www.remibelleau.fr\/erasmus\/wp-content\/uploads\/sites\/14\/2018\/11\/20181105_120409-1024x576.jpg 1024w, https:\/\/www.remibelleau.fr\/erasmus\/wp-content\/uploads\/sites\/14\/2018\/11\/20181105_120409.jpg 1280w\" sizes=\"auto, (max-width: 300px) 100vw, 300px\" \/>\u00a0\u00a0<img loading=\"lazy\" decoding=\"async\" class=\"size-medium wp-image-151 alignleft\" src=\"https:\/\/www.remibelleau.fr\/erasmus\/wp-content\/uploads\/sites\/14\/2018\/11\/20181105_120337-e1541436974148-169x300.jpg\" alt=\"\" width=\"169\" height=\"300\" srcset=\"https:\/\/www.remibelleau.fr\/erasmus\/wp-content\/uploads\/sites\/14\/2018\/11\/20181105_120337-e1541436974148-169x300.jpg 169w, https:\/\/www.remibelleau.fr\/erasmus\/wp-content\/uploads\/sites\/14\/2018\/11\/20181105_120337-e1541436974148-576x1024.jpg 576w, https:\/\/www.remibelleau.fr\/erasmus\/wp-content\/uploads\/sites\/14\/2018\/11\/20181105_120337-e1541436974148.jpg 720w\" sizes=\"auto, (max-width: 169px) 100vw, 169px\" \/>\u00a0\u00a0<img loading=\"lazy\" decoding=\"async\" class=\"alignnone size-medium wp-image-153\" src=\"https:\/\/www.remibelleau.fr\/erasmus\/wp-content\/uploads\/sites\/14\/2018\/11\/20181105_120418-300x169.jpg\" alt=\"\" width=\"300\" height=\"169\" srcset=\"https:\/\/www.remibelleau.fr\/erasmus\/wp-content\/uploads\/sites\/14\/2018\/11\/20181105_120418-300x169.jpg 300w, https:\/\/www.remibelleau.fr\/erasmus\/wp-content\/uploads\/sites\/14\/2018\/11\/20181105_120418-768x432.jpg 768w, https:\/\/www.remibelleau.fr\/erasmus\/wp-content\/uploads\/sites\/14\/2018\/11\/20181105_120418-1024x576.jpg 1024w, https:\/\/www.remibelleau.fr\/erasmus\/wp-content\/uploads\/sites\/14\/2018\/11\/20181105_120418.jpg 1280w\" sizes=\"auto, (max-width: 300px) 100vw, 300px\" \/><\/p>\n<p>Mardi 06 novembre les \u00e9l\u00e8ves ont assist\u00e9 \u00e0 la projection du film \u00ab\u00a0Golgen Door\u00a0\u00bb de Emanuele Crialese.<\/p>\n<p style=\"text-align: justify\"><em>Au d\u00e9but du XX\u00e8me si\u00e8cle, dans un coin perdu de la campagne sicilienne, vit une famille de paysans qui s&rsquo;\u00e9chinent sur le m\u00eame lopin de terre depuis des g\u00e9n\u00e9rations. Ils m\u00e8nent une existence en harmonie avec la nature et cohabitent avec les esprits de leurs d\u00e9funts. La monotonie de leur vie quotidienne est interrompue par des r\u00e9cits du Nouveau Monde, de leurs habitants et des innombrables richesses de cet Eden&#8230; Salvatore d\u00e9cide de vendre tous ses biens : sa terre, sa maison, son b\u00e9tail pour partir avec ses enfants et sa m\u00e8re \u00e2g\u00e9e mener une vie meilleure de l&rsquo;autre c\u00f4t\u00e9 de l&rsquo;oc\u00e9an. Mais pour devenir citoyen du Nouveau Monde, il faut mourir et rena\u00eetre un peu. Il faut abandonner les traditions s\u00e9culaires et les vieilles croyances de sa terre, il faut \u00eatre sain de corps et d&rsquo;esprit, savoir ob\u00e9ir et jurer fid\u00e9lit\u00e9 si l&rsquo;on veut franchir \u00ab\u00a0La Porte d&rsquo;Or\u00a0\u00bb&#8230;<\/em><\/p>\n<p style=\"text-align: justify\">Apr\u00e8s avoir visionn\u00e9 le film, les \u00e9l\u00e8ves ont compl\u00e9t\u00e9 un questionnaire afin d&rsquo;\u00e9valuer leur compr\u00e9hension de l&rsquo;histoire de ces migrants.<\/p>\n<p><span style=\"font-family: 'comic sans ms', sans-serif\"><em><strong>Projection du film \u00ab\u00a0Golgen Door\u00a0\u00bb et questionnaire de compr\u00e9hension<\/strong><\/em><\/span><\/p>\n<p><img loading=\"lazy\" decoding=\"async\" class=\"alignnone size-medium wp-image-217\" src=\"https:\/\/www.remibelleau.fr\/erasmus\/wp-content\/uploads\/sites\/14\/2018\/11\/IMG-20181106-WA0001-300x225.jpg\" alt=\"\" width=\"300\" height=\"225\" srcset=\"https:\/\/www.remibelleau.fr\/erasmus\/wp-content\/uploads\/sites\/14\/2018\/11\/IMG-20181106-WA0001-300x225.jpg 300w, https:\/\/www.remibelleau.fr\/erasmus\/wp-content\/uploads\/sites\/14\/2018\/11\/IMG-20181106-WA0001-768x576.jpg 768w, https:\/\/www.remibelleau.fr\/erasmus\/wp-content\/uploads\/sites\/14\/2018\/11\/IMG-20181106-WA0001-1024x768.jpg 1024w, https:\/\/www.remibelleau.fr\/erasmus\/wp-content\/uploads\/sites\/14\/2018\/11\/IMG-20181106-WA0001.jpg 1600w\" sizes=\"auto, (max-width: 300px) 100vw, 300px\" \/>\u00a0\u00a0<img loading=\"lazy\" decoding=\"async\" class=\"alignnone size-medium wp-image-218\" src=\"https:\/\/www.remibelleau.fr\/erasmus\/wp-content\/uploads\/sites\/14\/2018\/11\/IMG-20181106-WA0000-213x300.jpg\" alt=\"\" width=\"213\" height=\"300\" srcset=\"https:\/\/www.remibelleau.fr\/erasmus\/wp-content\/uploads\/sites\/14\/2018\/11\/IMG-20181106-WA0000-213x300.jpg 213w, https:\/\/www.remibelleau.fr\/erasmus\/wp-content\/uploads\/sites\/14\/2018\/11\/IMG-20181106-WA0000-768x1080.jpg 768w, https:\/\/www.remibelleau.fr\/erasmus\/wp-content\/uploads\/sites\/14\/2018\/11\/IMG-20181106-WA0000-728x1024.jpg 728w, https:\/\/www.remibelleau.fr\/erasmus\/wp-content\/uploads\/sites\/14\/2018\/11\/IMG-20181106-WA0000.jpg 970w\" sizes=\"auto, (max-width: 213px) 100vw, 213px\" \/><\/p>\n<p>Dans un deuxi\u00e8me temps, ils ont finalis\u00e9 les questions en anglais, en fran\u00e7ais et en italien afin de pr\u00e9parer l&rsquo;interview des migrants, du jeudi.<\/p>\n<p><img loading=\"lazy\" decoding=\"async\" class=\"size-medium wp-image-210 aligncenter\" src=\"https:\/\/www.remibelleau.fr\/erasmus\/wp-content\/uploads\/sites\/14\/2018\/11\/20181106_124638-1-e1542042101140-169x300.jpg\" alt=\"\" width=\"169\" height=\"300\" srcset=\"https:\/\/www.remibelleau.fr\/erasmus\/wp-content\/uploads\/sites\/14\/2018\/11\/20181106_124638-1-e1542042101140-169x300.jpg 169w, https:\/\/www.remibelleau.fr\/erasmus\/wp-content\/uploads\/sites\/14\/2018\/11\/20181106_124638-1-e1542042101140-576x1024.jpg 576w, https:\/\/www.remibelleau.fr\/erasmus\/wp-content\/uploads\/sites\/14\/2018\/11\/20181106_124638-1-e1542042101140.jpg 720w\" sizes=\"auto, (max-width: 169px) 100vw, 169px\" \/><\/p>\n<p>Ce m\u00eame jour, un jury constitu\u00e9 d&rsquo;enseignants, d&rsquo;\u00e9l\u00e8ves, de repr\u00e9sentants d&rsquo;association et du proviseur de l&rsquo;institut Fermi a d\u00e9lib\u00e9r\u00e9 afin de s\u00e9lectionner l&rsquo;affiche qui illustrerait notre projet, parmi les quatre \u00e9labor\u00e9es pour cette mobilit\u00e9. L&rsquo;affiche italienne a emport\u00e9 tous les suffrages.<\/p>\n<p><span style=\"font-family: 'comic sans ms', sans-serif\"><em><strong>Jury \u00ab\u00a0affiches\u00a0\u00bb<\/strong><\/em><\/span><\/p>\n<p><img loading=\"lazy\" decoding=\"async\" class=\"alignnone size-medium wp-image-188\" src=\"https:\/\/www.remibelleau.fr\/erasmus\/wp-content\/uploads\/sites\/14\/2018\/11\/20181106_101504-e1542041329924-169x300.jpg\" alt=\"\" width=\"169\" height=\"300\" srcset=\"https:\/\/www.remibelleau.fr\/erasmus\/wp-content\/uploads\/sites\/14\/2018\/11\/20181106_101504-e1542041329924-169x300.jpg 169w, https:\/\/www.remibelleau.fr\/erasmus\/wp-content\/uploads\/sites\/14\/2018\/11\/20181106_101504-e1542041329924-576x1024.jpg 576w, https:\/\/www.remibelleau.fr\/erasmus\/wp-content\/uploads\/sites\/14\/2018\/11\/20181106_101504-e1542041329924.jpg 720w\" sizes=\"auto, (max-width: 169px) 100vw, 169px\" \/>\u00a0\u00a0<img loading=\"lazy\" decoding=\"async\" class=\"alignnone size-medium wp-image-197\" src=\"https:\/\/www.remibelleau.fr\/erasmus\/wp-content\/uploads\/sites\/14\/2018\/11\/20181106_110722-300x169.jpg\" alt=\"\" width=\"300\" height=\"169\" srcset=\"https:\/\/www.remibelleau.fr\/erasmus\/wp-content\/uploads\/sites\/14\/2018\/11\/20181106_110722-300x169.jpg 300w, https:\/\/www.remibelleau.fr\/erasmus\/wp-content\/uploads\/sites\/14\/2018\/11\/20181106_110722-768x432.jpg 768w, https:\/\/www.remibelleau.fr\/erasmus\/wp-content\/uploads\/sites\/14\/2018\/11\/20181106_110722-1024x576.jpg 1024w, https:\/\/www.remibelleau.fr\/erasmus\/wp-content\/uploads\/sites\/14\/2018\/11\/20181106_110722.jpg 1280w\" sizes=\"auto, (max-width: 300px) 100vw, 300px\" \/><\/p>\n<p><img loading=\"lazy\" decoding=\"async\" class=\"alignnone size-medium wp-image-190\" src=\"https:\/\/www.remibelleau.fr\/erasmus\/wp-content\/uploads\/sites\/14\/2018\/11\/20181106_102952-300x169.jpg\" alt=\"\" width=\"300\" height=\"169\" srcset=\"https:\/\/www.remibelleau.fr\/erasmus\/wp-content\/uploads\/sites\/14\/2018\/11\/20181106_102952-300x169.jpg 300w, https:\/\/www.remibelleau.fr\/erasmus\/wp-content\/uploads\/sites\/14\/2018\/11\/20181106_102952-768x432.jpg 768w, https:\/\/www.remibelleau.fr\/erasmus\/wp-content\/uploads\/sites\/14\/2018\/11\/20181106_102952-1024x576.jpg 1024w, https:\/\/www.remibelleau.fr\/erasmus\/wp-content\/uploads\/sites\/14\/2018\/11\/20181106_102952.jpg 1280w\" sizes=\"auto, (max-width: 300px) 100vw, 300px\" \/>\u00a0\u00a0<img loading=\"lazy\" decoding=\"async\" class=\"alignnone size-medium wp-image-214\" src=\"https:\/\/www.remibelleau.fr\/erasmus\/wp-content\/uploads\/sites\/14\/2018\/11\/20181106_105524-1-200x300.jpg\" alt=\"\" width=\"200\" height=\"300\" srcset=\"https:\/\/www.remibelleau.fr\/erasmus\/wp-content\/uploads\/sites\/14\/2018\/11\/20181106_105524-1-200x300.jpg 200w, https:\/\/www.remibelleau.fr\/erasmus\/wp-content\/uploads\/sites\/14\/2018\/11\/20181106_105524-1.jpg 459w\" sizes=\"auto, (max-width: 200px) 100vw, 200px\" \/><\/p>\n<p><img loading=\"lazy\" decoding=\"async\" class=\"alignnone size-medium wp-image-208\" src=\"https:\/\/www.remibelleau.fr\/erasmus\/wp-content\/uploads\/sites\/14\/2018\/11\/20181106_105649-1-300x203.jpg\" alt=\"\" width=\"300\" height=\"203\" srcset=\"https:\/\/www.remibelleau.fr\/erasmus\/wp-content\/uploads\/sites\/14\/2018\/11\/20181106_105649-1-300x203.jpg 300w, https:\/\/www.remibelleau.fr\/erasmus\/wp-content\/uploads\/sites\/14\/2018\/11\/20181106_105649-1.jpg 719w\" sizes=\"auto, (max-width: 300px) 100vw, 300px\" \/><\/p>\n<p>&nbsp;<\/p>\n<p>&nbsp;<\/p>\n<p>&nbsp;<\/p>\n<p>&nbsp;<\/p>\n","protected":false},"excerpt":{"rendered":"<p>Lundi 05 novembre, les \u00e9l\u00e8ves ont particip\u00e9 \u00e0 leurs premiers ateliers avec leurs camarades allemands,\u00a0 italien et roumains. il s&rsquo;agissait de r\u00e9fl\u00e9chir aux raisons\u00a0du d\u00e9part des migrants de leurs pays d&rsquo;origine et de mettre en parall\u00e8le la situation d\u2019un pays (ou d\u2019une r\u00e9gion) de d\u00e9part (au regard de ces causes) et celle d\u2019un pays (ou &hellip; <\/p>\n<p class=\"link-more\"><a href=\"https:\/\/www.remibelleau.fr\/erasmus\/2018\/11\/06\/mobilite-a-montesarchio\/\" class=\"more-link\">Continuer la lecture<span class=\"screen-reader-text\"> de &laquo;&nbsp;Migrations d&rsquo;hier et d&rsquo;aujourd&rsquo;hui &#8211; Mobilit\u00e9 \u00e0 Mont\u00e9sarchio (1)&nbsp;&raquo;<\/span><\/a><\/p>\n","protected":false},"author":55,"featured_media":0,"comment_status":"open","ping_status":"open","sticky":false,"template":"","format":"standard","meta":{"footnotes":""},"categories":[1],"tags":[],"class_list":["post-183","post","type-post","status-publish","format-standard","hentry","category-non-classe"],"jetpack_featured_media_url":"","_links":{"self":[{"href":"https:\/\/www.remibelleau.fr\/erasmus\/wp-json\/wp\/v2\/posts\/183","targetHints":{"allow":["GET"]}}],"collection":[{"href":"https:\/\/www.remibelleau.fr\/erasmus\/wp-json\/wp\/v2\/posts"}],"about":[{"href":"https:\/\/www.remibelleau.fr\/erasmus\/wp-json\/wp\/v2\/types\/post"}],"author":[{"embeddable":true,"href":"https:\/\/www.remibelleau.fr\/erasmus\/wp-json\/wp\/v2\/users\/55"}],"replies":[{"embeddable":true,"href":"https:\/\/www.remibelleau.fr\/erasmus\/wp-json\/wp\/v2\/comments?post=183"}],"version-history":[{"count":19,"href":"https:\/\/www.remibelleau.fr\/erasmus\/wp-json\/wp\/v2\/posts\/183\/revisions"}],"predecessor-version":[{"id":546,"href":"https:\/\/www.remibelleau.fr\/erasmus\/wp-json\/wp\/v2\/posts\/183\/revisions\/546"}],"wp:attachment":[{"href":"https:\/\/www.remibelleau.fr\/erasmus\/wp-json\/wp\/v2\/media?parent=183"}],"wp:term":[{"taxonomy":"category","embeddable":true,"href":"https:\/\/www.remibelleau.fr\/erasmus\/wp-json\/wp\/v2\/categories?post=183"},{"taxonomy":"post_tag","embeddable":true,"href":"https:\/\/www.remibelleau.fr\/erasmus\/wp-json\/wp\/v2\/tags?post=183"}],"curies":[{"name":"wp","href":"https:\/\/api.w.org\/{rel}","templated":true}]}}