{"id":517,"date":"2020-11-12T13:52:43","date_gmt":"2020-11-12T12:52:43","guid":{"rendered":"https:\/\/www.remibelleau.fr\/arts-engages\/?p=517"},"modified":"2020-11-12T13:52:44","modified_gmt":"2020-11-12T12:52:44","slug":"exposition-sur-la-tolerance-au-cdi","status":"publish","type":"post","link":"https:\/\/www.remibelleau.fr\/arts-engages\/2020\/11\/12\/exposition-sur-la-tolerance-au-cdi\/","title":{"rendered":"Exposition sur la tol\u00e9rance au CDI"},"content":{"rendered":"\n<p>Comme pour les mobilit\u00e9s pr\u00e9c\u00e9dentes, une exposition a \u00e9t\u00e9 install\u00e9e au Centre de Documentation et d&rsquo;Information (CDI) du Lyc\u00e9e R\u00e9mi Belleau afin que toute la communaut\u00e9 \u00e9ducative &#8211; \u00e9l\u00e8ves comme personnels &#8211; puisse contempler les nombreuses travaux r\u00e9alis\u00e9s par les \u00e9l\u00e8ves de l&rsquo;ensemble des \u00e9tablissements partenaires.<\/p>\n\n\n\n<p>Quelques photographies pour vous donner un rapide aper\u00e7u de ce que vous pourrez y voir et pour piquer votre curiosit\u00e9. Vous y retrouverez bien \u00e9videmment des \u0153uvres que nous avons eu l&rsquo;occasion de vous pr\u00e9senter dans les pr\u00e9c\u00e9dents articles, mais aussi des r\u00e9alisations totalement in\u00e9dites.<\/p>\n\n\n\n<figure class=\"wp-block-image\"><img loading=\"lazy\" decoding=\"async\" width=\"768\" height=\"1024\" src=\"https:\/\/www.remibelleau.fr\/arts-engages\/wp-content\/uploads\/sites\/21\/2020\/11\/Resized_IMG-20201112-WA0001-768x1024.jpg\" alt=\"\" class=\"wp-image-518\" srcset=\"https:\/\/www.remibelleau.fr\/arts-engages\/wp-content\/uploads\/sites\/21\/2020\/11\/Resized_IMG-20201112-WA0001-768x1024.jpg 768w, https:\/\/www.remibelleau.fr\/arts-engages\/wp-content\/uploads\/sites\/21\/2020\/11\/Resized_IMG-20201112-WA0001-225x300.jpg 225w, https:\/\/www.remibelleau.fr\/arts-engages\/wp-content\/uploads\/sites\/21\/2020\/11\/Resized_IMG-20201112-WA0001.jpg 1080w\" sizes=\"auto, (max-width: 767px) 89vw, (max-width: 1000px) 54vw, (max-width: 1071px) 543px, 580px\" \/><figcaption>L&rsquo;exposition est accessible d\u00e8s maintenant.<\/figcaption><\/figure>\n\n\n\n<figure class=\"wp-block-image\"><img loading=\"lazy\" decoding=\"async\" width=\"540\" height=\"720\" src=\"https:\/\/www.remibelleau.fr\/arts-engages\/wp-content\/uploads\/sites\/21\/2020\/11\/Resized_IMG-20201112-WA0005.jpg\" alt=\"\" class=\"wp-image-519\" srcset=\"https:\/\/www.remibelleau.fr\/arts-engages\/wp-content\/uploads\/sites\/21\/2020\/11\/Resized_IMG-20201112-WA0005.jpg 540w, https:\/\/www.remibelleau.fr\/arts-engages\/wp-content\/uploads\/sites\/21\/2020\/11\/Resized_IMG-20201112-WA0005-225x300.jpg 225w\" sizes=\"auto, (max-width: 540px) 100vw, 540px\" \/><figcaption>Photographies des \u0153uvres de Land Art.<\/figcaption><\/figure>\n\n\n\n<figure class=\"wp-block-image\"><img loading=\"lazy\" decoding=\"async\" width=\"768\" height=\"1024\" src=\"https:\/\/www.remibelleau.fr\/arts-engages\/wp-content\/uploads\/sites\/21\/2020\/11\/Resized_IMG-20201112-WA0012-768x1024.jpg\" alt=\"\" class=\"wp-image-524\" srcset=\"https:\/\/www.remibelleau.fr\/arts-engages\/wp-content\/uploads\/sites\/21\/2020\/11\/Resized_IMG-20201112-WA0012-768x1024.jpg 768w, https:\/\/www.remibelleau.fr\/arts-engages\/wp-content\/uploads\/sites\/21\/2020\/11\/Resized_IMG-20201112-WA0012-225x300.jpg 225w, https:\/\/www.remibelleau.fr\/arts-engages\/wp-content\/uploads\/sites\/21\/2020\/11\/Resized_IMG-20201112-WA0012.jpg 1080w\" sizes=\"auto, (max-width: 767px) 89vw, (max-width: 1000px) 54vw, (max-width: 1071px) 543px, 580px\" \/><figcaption>Les alphabets de la tol\u00e9rance.<\/figcaption><\/figure>\n\n\n\n<figure class=\"wp-block-image\"><img loading=\"lazy\" decoding=\"async\" width=\"768\" height=\"1024\" src=\"https:\/\/www.remibelleau.fr\/arts-engages\/wp-content\/uploads\/sites\/21\/2020\/11\/Resized_IMG-20201112-WA0002-768x1024.jpg\" alt=\"\" class=\"wp-image-522\" srcset=\"https:\/\/www.remibelleau.fr\/arts-engages\/wp-content\/uploads\/sites\/21\/2020\/11\/Resized_IMG-20201112-WA0002-768x1024.jpg 768w, https:\/\/www.remibelleau.fr\/arts-engages\/wp-content\/uploads\/sites\/21\/2020\/11\/Resized_IMG-20201112-WA0002-225x300.jpg 225w, https:\/\/www.remibelleau.fr\/arts-engages\/wp-content\/uploads\/sites\/21\/2020\/11\/Resized_IMG-20201112-WA0002.jpg 1080w\" sizes=\"auto, (max-width: 767px) 89vw, (max-width: 1000px) 54vw, (max-width: 1071px) 543px, 580px\" \/><figcaption>Les symboles de la tol\u00e9rance.<\/figcaption><\/figure>\n\n\n\n<figure class=\"wp-block-image\"><img loading=\"lazy\" decoding=\"async\" width=\"768\" height=\"1024\" src=\"https:\/\/www.remibelleau.fr\/arts-engages\/wp-content\/uploads\/sites\/21\/2020\/11\/Resized_IMG-20201112-WA0007-768x1024.jpg\" alt=\"\" class=\"wp-image-523\" srcset=\"https:\/\/www.remibelleau.fr\/arts-engages\/wp-content\/uploads\/sites\/21\/2020\/11\/Resized_IMG-20201112-WA0007-768x1024.jpg 768w, https:\/\/www.remibelleau.fr\/arts-engages\/wp-content\/uploads\/sites\/21\/2020\/11\/Resized_IMG-20201112-WA0007-225x300.jpg 225w, https:\/\/www.remibelleau.fr\/arts-engages\/wp-content\/uploads\/sites\/21\/2020\/11\/Resized_IMG-20201112-WA0007.jpg 1080w\" sizes=\"auto, (max-width: 767px) 89vw, (max-width: 1000px) 54vw, (max-width: 1071px) 543px, 580px\" \/><figcaption>Zoom sur l&rsquo;Arbre de la Tol\u00e9rance.<\/figcaption><\/figure>\n\n\n\n<figure class=\"wp-block-image\"><img loading=\"lazy\" decoding=\"async\" width=\"768\" height=\"1024\" src=\"https:\/\/www.remibelleau.fr\/arts-engages\/wp-content\/uploads\/sites\/21\/2020\/11\/Resized_IMG-20201112-WA0011-768x1024.jpg\" alt=\"\" class=\"wp-image-525\" srcset=\"https:\/\/www.remibelleau.fr\/arts-engages\/wp-content\/uploads\/sites\/21\/2020\/11\/Resized_IMG-20201112-WA0011-768x1024.jpg 768w, https:\/\/www.remibelleau.fr\/arts-engages\/wp-content\/uploads\/sites\/21\/2020\/11\/Resized_IMG-20201112-WA0011-225x300.jpg 225w, https:\/\/www.remibelleau.fr\/arts-engages\/wp-content\/uploads\/sites\/21\/2020\/11\/Resized_IMG-20201112-WA0011.jpg 1080w\" sizes=\"auto, (max-width: 767px) 89vw, (max-width: 1000px) 54vw, (max-width: 1071px) 543px, 580px\" \/><figcaption>Les magnifiques affiches sur les combats pour la tol\u00e9rance.<\/figcaption><\/figure>\n\n\n\n<figure class=\"wp-block-image\"><img loading=\"lazy\" decoding=\"async\" width=\"540\" height=\"720\" src=\"https:\/\/www.remibelleau.fr\/arts-engages\/wp-content\/uploads\/sites\/21\/2020\/11\/Resized_IMG-20201112-WA0010.jpg\" alt=\"\" class=\"wp-image-520\" srcset=\"https:\/\/www.remibelleau.fr\/arts-engages\/wp-content\/uploads\/sites\/21\/2020\/11\/Resized_IMG-20201112-WA0010.jpg 540w, https:\/\/www.remibelleau.fr\/arts-engages\/wp-content\/uploads\/sites\/21\/2020\/11\/Resized_IMG-20201112-WA0010-225x300.jpg 225w\" sizes=\"auto, (max-width: 540px) 100vw, 540px\" \/><figcaption>Les Arts au service du combat pour la tol\u00e9rance, hier et aujourd&rsquo;hui.<\/figcaption><\/figure>\n\n\n\n<p>Venez nombreux afin de parcourir l&rsquo;exposition !<\/p>\n","protected":false},"excerpt":{"rendered":"<p>Comme pour les mobilit\u00e9s pr\u00e9c\u00e9dentes, une exposition a \u00e9t\u00e9 install\u00e9e au Centre de Documentation et d&rsquo;Information (CDI) du Lyc\u00e9e R\u00e9mi Belleau afin que toute la communaut\u00e9 \u00e9ducative &#8211; \u00e9l\u00e8ves comme personnels &#8211; puisse contempler les nombreuses travaux r\u00e9alis\u00e9s par les \u00e9l\u00e8ves de l&rsquo;ensemble des \u00e9tablissements partenaires. Quelques photographies pour vous donner un rapide aper\u00e7u de &hellip; <\/p>\n<p class=\"link-more\"><a href=\"https:\/\/www.remibelleau.fr\/arts-engages\/2020\/11\/12\/exposition-sur-la-tolerance-au-cdi\/\" class=\"more-link\">Continuer la lecture<span class=\"screen-reader-text\"> de &laquo;&nbsp;Exposition sur la tol\u00e9rance au CDI&nbsp;&raquo;<\/span><\/a><\/p>\n","protected":false},"author":103,"featured_media":0,"comment_status":"open","ping_status":"open","sticky":false,"template":"","format":"standard","meta":{"footnotes":""},"categories":[1],"tags":[],"class_list":["post-517","post","type-post","status-publish","format-standard","hentry","category-non-classe"],"jetpack_featured_media_url":"","_links":{"self":[{"href":"https:\/\/www.remibelleau.fr\/arts-engages\/wp-json\/wp\/v2\/posts\/517","targetHints":{"allow":["GET"]}}],"collection":[{"href":"https:\/\/www.remibelleau.fr\/arts-engages\/wp-json\/wp\/v2\/posts"}],"about":[{"href":"https:\/\/www.remibelleau.fr\/arts-engages\/wp-json\/wp\/v2\/types\/post"}],"author":[{"embeddable":true,"href":"https:\/\/www.remibelleau.fr\/arts-engages\/wp-json\/wp\/v2\/users\/103"}],"replies":[{"embeddable":true,"href":"https:\/\/www.remibelleau.fr\/arts-engages\/wp-json\/wp\/v2\/comments?post=517"}],"version-history":[{"count":1,"href":"https:\/\/www.remibelleau.fr\/arts-engages\/wp-json\/wp\/v2\/posts\/517\/revisions"}],"predecessor-version":[{"id":526,"href":"https:\/\/www.remibelleau.fr\/arts-engages\/wp-json\/wp\/v2\/posts\/517\/revisions\/526"}],"wp:attachment":[{"href":"https:\/\/www.remibelleau.fr\/arts-engages\/wp-json\/wp\/v2\/media?parent=517"}],"wp:term":[{"taxonomy":"category","embeddable":true,"href":"https:\/\/www.remibelleau.fr\/arts-engages\/wp-json\/wp\/v2\/categories?post=517"},{"taxonomy":"post_tag","embeddable":true,"href":"https:\/\/www.remibelleau.fr\/arts-engages\/wp-json\/wp\/v2\/tags?post=517"}],"curies":[{"name":"wp","href":"https:\/\/api.w.org\/{rel}","templated":true}]}}